{"id":9541,"date":"2025-12-08T09:02:59","date_gmt":"2025-12-08T08:02:59","guid":{"rendered":"https:\/\/www.ecole-sacre-coeur-lorient.com\/?p=9541"},"modified":"2025-12-08T09:03:00","modified_gmt":"2025-12-08T08:03:00","slug":"lequipe-educative-se-forme-a-lia","status":"publish","type":"post","link":"https:\/\/www.ecole-sacre-coeur-lorient.com\/index.php\/2025\/12\/08\/lequipe-educative-se-forme-a-lia\/","title":{"rendered":"L&rsquo;\u00e9quipe \u00e9ducative se forme \u00e0 l&rsquo;IA"},"content":{"rendered":"\n<p>A l&rsquo;occasion de la journ\u00e9e du 5 d\u00e9cembre, les \u00e9quipes \u00e9ducatives de l&rsquo;\u00e9cole Sacr\u00e9 C\u0153ur et Sainte Anne se sont r\u00e9unies pour une formation d\u00e9di\u00e9e \u00e0 l&rsquo;Intelligence Artificielle et son application concr\u00e8te dans les \u00e9coles. Un moment tr\u00e8s instructif tr\u00e8s appr\u00e9ci\u00e9 !<\/p>\n\n\n<div class=\"wp-block-image\">\n<figure class=\"aligncenter size-large\"><img loading=\"lazy\" decoding=\"async\" width=\"1024\" height=\"461\" src=\"https:\/\/www.ecole-sacre-coeur-lorient.com\/wp-content\/uploads\/2025\/12\/IMG_20251208_085223-1024x461.jpg\" alt=\"\" class=\"wp-image-9546\" srcset=\"https:\/\/www.ecole-sacre-coeur-lorient.com\/wp-content\/uploads\/2025\/12\/IMG_20251208_085223-1024x461.jpg 1024w, https:\/\/www.ecole-sacre-coeur-lorient.com\/wp-content\/uploads\/2025\/12\/IMG_20251208_085223-300x135.jpg 300w, https:\/\/www.ecole-sacre-coeur-lorient.com\/wp-content\/uploads\/2025\/12\/IMG_20251208_085223-768x346.jpg 768w, https:\/\/www.ecole-sacre-coeur-lorient.com\/wp-content\/uploads\/2025\/12\/IMG_20251208_085223-1536x692.jpg 1536w, https:\/\/www.ecole-sacre-coeur-lorient.com\/wp-content\/uploads\/2025\/12\/IMG_20251208_085223-600x270.jpg 600w, https:\/\/www.ecole-sacre-coeur-lorient.com\/wp-content\/uploads\/2025\/12\/IMG_20251208_085223.jpg 1600w\" sizes=\"(max-width: 1024px) 100vw, 1024px\" \/><\/figure><\/div>\n\n<div class=\"wp-block-image\">\n<figure class=\"aligncenter size-large\"><img loading=\"lazy\" decoding=\"async\" width=\"1024\" height=\"461\" src=\"https:\/\/www.ecole-sacre-coeur-lorient.com\/wp-content\/uploads\/2025\/12\/IMG_20251208_085227-1024x461.jpg\" alt=\"\" class=\"wp-image-9545\" srcset=\"https:\/\/www.ecole-sacre-coeur-lorient.com\/wp-content\/uploads\/2025\/12\/IMG_20251208_085227-1024x461.jpg 1024w, https:\/\/www.ecole-sacre-coeur-lorient.com\/wp-content\/uploads\/2025\/12\/IMG_20251208_085227-300x135.jpg 300w, https:\/\/www.ecole-sacre-coeur-lorient.com\/wp-content\/uploads\/2025\/12\/IMG_20251208_085227-768x346.jpg 768w, https:\/\/www.ecole-sacre-coeur-lorient.com\/wp-content\/uploads\/2025\/12\/IMG_20251208_085227-1536x692.jpg 1536w, https:\/\/www.ecole-sacre-coeur-lorient.com\/wp-content\/uploads\/2025\/12\/IMG_20251208_085227-600x270.jpg 600w, https:\/\/www.ecole-sacre-coeur-lorient.com\/wp-content\/uploads\/2025\/12\/IMG_20251208_085227.jpg 1600w\" sizes=\"(max-width: 1024px) 100vw, 1024px\" \/><\/figure><\/div>\n\n<div class=\"wp-block-image\">\n<figure class=\"aligncenter size-large\"><img loading=\"lazy\" decoding=\"async\" width=\"1024\" height=\"461\" src=\"https:\/\/www.ecole-sacre-coeur-lorient.com\/wp-content\/uploads\/2025\/12\/IMG_20251208_085230-1024x461.jpg\" alt=\"\" class=\"wp-image-9542\" srcset=\"https:\/\/www.ecole-sacre-coeur-lorient.com\/wp-content\/uploads\/2025\/12\/IMG_20251208_085230-1024x461.jpg 1024w, https:\/\/www.ecole-sacre-coeur-lorient.com\/wp-content\/uploads\/2025\/12\/IMG_20251208_085230-300x135.jpg 300w, https:\/\/www.ecole-sacre-coeur-lorient.com\/wp-content\/uploads\/2025\/12\/IMG_20251208_085230-768x346.jpg 768w, https:\/\/www.ecole-sacre-coeur-lorient.com\/wp-content\/uploads\/2025\/12\/IMG_20251208_085230-1536x692.jpg 1536w, https:\/\/www.ecole-sacre-coeur-lorient.com\/wp-content\/uploads\/2025\/12\/IMG_20251208_085230-600x270.jpg 600w, https:\/\/www.ecole-sacre-coeur-lorient.com\/wp-content\/uploads\/2025\/12\/IMG_20251208_085230.jpg 1600w\" sizes=\"(max-width: 1024px) 100vw, 1024px\" \/><\/figure><\/div>\n\n<div class=\"wp-block-image\">\n<figure class=\"aligncenter size-large\"><img loading=\"lazy\" decoding=\"async\" width=\"461\" height=\"1024\" src=\"https:\/\/www.ecole-sacre-coeur-lorient.com\/wp-content\/uploads\/2025\/12\/IMG_20251208_085235-461x1024.jpg\" alt=\"\" class=\"wp-image-9543\" srcset=\"https:\/\/www.ecole-sacre-coeur-lorient.com\/wp-content\/uploads\/2025\/12\/IMG_20251208_085235-461x1024.jpg 461w, https:\/\/www.ecole-sacre-coeur-lorient.com\/wp-content\/uploads\/2025\/12\/IMG_20251208_085235-135x300.jpg 135w, https:\/\/www.ecole-sacre-coeur-lorient.com\/wp-content\/uploads\/2025\/12\/IMG_20251208_085235-692x1536.jpg 692w, https:\/\/www.ecole-sacre-coeur-lorient.com\/wp-content\/uploads\/2025\/12\/IMG_20251208_085235-600x1331.jpg 600w, https:\/\/www.ecole-sacre-coeur-lorient.com\/wp-content\/uploads\/2025\/12\/IMG_20251208_085235.jpg 721w\" sizes=\"(max-width: 461px) 100vw, 461px\" \/><\/figure><\/div>\n\n<div class=\"wp-block-image\">\n<figure class=\"aligncenter size-large\"><img loading=\"lazy\" decoding=\"async\" width=\"1024\" height=\"461\" src=\"https:\/\/www.ecole-sacre-coeur-lorient.com\/wp-content\/uploads\/2025\/12\/IMG_20251208_085241-1024x461.jpg\" alt=\"\" class=\"wp-image-9544\" srcset=\"https:\/\/www.ecole-sacre-coeur-lorient.com\/wp-content\/uploads\/2025\/12\/IMG_20251208_085241-1024x461.jpg 1024w, https:\/\/www.ecole-sacre-coeur-lorient.com\/wp-content\/uploads\/2025\/12\/IMG_20251208_085241-300x135.jpg 300w, https:\/\/www.ecole-sacre-coeur-lorient.com\/wp-content\/uploads\/2025\/12\/IMG_20251208_085241-768x346.jpg 768w, https:\/\/www.ecole-sacre-coeur-lorient.com\/wp-content\/uploads\/2025\/12\/IMG_20251208_085241-1536x692.jpg 1536w, https:\/\/www.ecole-sacre-coeur-lorient.com\/wp-content\/uploads\/2025\/12\/IMG_20251208_085241-600x270.jpg 600w, https:\/\/www.ecole-sacre-coeur-lorient.com\/wp-content\/uploads\/2025\/12\/IMG_20251208_085241.jpg 1600w\" sizes=\"(max-width: 1024px) 100vw, 1024px\" \/><\/figure><\/div>","protected":false},"excerpt":{"rendered":"<p>A l&rsquo;occasion de la journ\u00e9e du 5 d\u00e9cembre, les \u00e9quipes \u00e9ducatives de l&rsquo;\u00e9cole Sacr\u00e9 C\u0153ur et Sainte Anne se sont r\u00e9unies pour une formation d\u00e9di\u00e9e \u00e0 l&rsquo;Intelligence Artificielle et son application concr\u00e8te dans les \u00e9coles. Un moment tr\u00e8s instructif tr\u00e8s appr\u00e9ci\u00e9 !<\/p>\n","protected":false},"author":1,"featured_media":9545,"comment_status":"closed","ping_status":"open","sticky":false,"template":"","format":"standard","meta":{"footnotes":""},"categories":[160,161,162,163,164,165,166,167,168,169],"tags":[],"_links":{"self":[{"href":"https:\/\/www.ecole-sacre-coeur-lorient.com\/index.php\/wp-json\/wp\/v2\/posts\/9541"}],"collection":[{"href":"https:\/\/www.ecole-sacre-coeur-lorient.com\/index.php\/wp-json\/wp\/v2\/posts"}],"about":[{"href":"https:\/\/www.ecole-sacre-coeur-lorient.com\/index.php\/wp-json\/wp\/v2\/types\/post"}],"author":[{"embeddable":true,"href":"https:\/\/www.ecole-sacre-coeur-lorient.com\/index.php\/wp-json\/wp\/v2\/users\/1"}],"replies":[{"embeddable":true,"href":"https:\/\/www.ecole-sacre-coeur-lorient.com\/index.php\/wp-json\/wp\/v2\/comments?post=9541"}],"version-history":[{"count":1,"href":"https:\/\/www.ecole-sacre-coeur-lorient.com\/index.php\/wp-json\/wp\/v2\/posts\/9541\/revisions"}],"predecessor-version":[{"id":9547,"href":"https:\/\/www.ecole-sacre-coeur-lorient.com\/index.php\/wp-json\/wp\/v2\/posts\/9541\/revisions\/9547"}],"wp:featuredmedia":[{"embeddable":true,"href":"https:\/\/www.ecole-sacre-coeur-lorient.com\/index.php\/wp-json\/wp\/v2\/media\/9545"}],"wp:attachment":[{"href":"https:\/\/www.ecole-sacre-coeur-lorient.com\/index.php\/wp-json\/wp\/v2\/media?parent=9541"}],"wp:term":[{"taxonomy":"category","embeddable":true,"href":"https:\/\/www.ecole-sacre-coeur-lorient.com\/index.php\/wp-json\/wp\/v2\/categories?post=9541"},{"taxonomy":"post_tag","embeddable":true,"href":"https:\/\/www.ecole-sacre-coeur-lorient.com\/index.php\/wp-json\/wp\/v2\/tags?post=9541"}],"curies":[{"name":"wp","href":"https:\/\/api.w.org\/{rel}","templated":true}]}}