{"id":8851,"date":"2025-09-04T09:37:02","date_gmt":"2025-09-04T07:37:02","guid":{"rendered":"https:\/\/www.ecole-sacre-coeur-lorient.com\/?p=8851"},"modified":"2025-09-04T09:48:02","modified_gmt":"2025-09-04T07:48:02","slug":"celebration-de-rentree-avec-pere-herve-2","status":"publish","type":"post","link":"https:\/\/www.ecole-sacre-coeur-lorient.com\/index.php\/2025\/09\/04\/celebration-de-rentree-avec-pere-herve-2\/","title":{"rendered":"C\u00e9l\u00e9bration de rentr\u00e9e avec P\u00e8re Herv\u00e9"},"content":{"rendered":"<div class=\"wp-block-image\">\n<figure class=\"aligncenter size-full\"><img loading=\"lazy\" decoding=\"async\" width=\"1000\" height=\"750\" src=\"https:\/\/www.ecole-sacre-coeur-lorient.com\/wp-content\/uploads\/2025\/09\/IMG20250904092110.jpg\" alt=\"\" class=\"wp-image-8852\" srcset=\"https:\/\/www.ecole-sacre-coeur-lorient.com\/wp-content\/uploads\/2025\/09\/IMG20250904092110.jpg 1000w, https:\/\/www.ecole-sacre-coeur-lorient.com\/wp-content\/uploads\/2025\/09\/IMG20250904092110-300x225.jpg 300w, https:\/\/www.ecole-sacre-coeur-lorient.com\/wp-content\/uploads\/2025\/09\/IMG20250904092110-768x576.jpg 768w, https:\/\/www.ecole-sacre-coeur-lorient.com\/wp-content\/uploads\/2025\/09\/IMG20250904092110-600x450.jpg 600w\" sizes=\"(max-width: 1000px) 100vw, 1000px\" \/><\/figure><\/div>\n\n<div class=\"wp-block-image\">\n<figure class=\"aligncenter size-full\"><img loading=\"lazy\" decoding=\"async\" width=\"640\" height=\"480\" src=\"https:\/\/www.ecole-sacre-coeur-lorient.com\/wp-content\/uploads\/2025\/09\/IMG_2699.jpg\" alt=\"\" class=\"wp-image-8854\" srcset=\"https:\/\/www.ecole-sacre-coeur-lorient.com\/wp-content\/uploads\/2025\/09\/IMG_2699.jpg 640w, https:\/\/www.ecole-sacre-coeur-lorient.com\/wp-content\/uploads\/2025\/09\/IMG_2699-300x225.jpg 300w, https:\/\/www.ecole-sacre-coeur-lorient.com\/wp-content\/uploads\/2025\/09\/IMG_2699-600x450.jpg 600w\" sizes=\"(max-width: 640px) 100vw, 640px\" \/><\/figure><\/div>","protected":false},"excerpt":{"rendered":"","protected":false},"author":1,"featured_media":8852,"comment_status":"closed","ping_status":"open","sticky":false,"template":"","format":"standard","meta":{"footnotes":""},"categories":[160,161,162,163,164,165,166,167,168,169],"tags":[],"_links":{"self":[{"href":"https:\/\/www.ecole-sacre-coeur-lorient.com\/index.php\/wp-json\/wp\/v2\/posts\/8851"}],"collection":[{"href":"https:\/\/www.ecole-sacre-coeur-lorient.com\/index.php\/wp-json\/wp\/v2\/posts"}],"about":[{"href":"https:\/\/www.ecole-sacre-coeur-lorient.com\/index.php\/wp-json\/wp\/v2\/types\/post"}],"author":[{"embeddable":true,"href":"https:\/\/www.ecole-sacre-coeur-lorient.com\/index.php\/wp-json\/wp\/v2\/users\/1"}],"replies":[{"embeddable":true,"href":"https:\/\/www.ecole-sacre-coeur-lorient.com\/index.php\/wp-json\/wp\/v2\/comments?post=8851"}],"version-history":[{"count":2,"href":"https:\/\/www.ecole-sacre-coeur-lorient.com\/index.php\/wp-json\/wp\/v2\/posts\/8851\/revisions"}],"predecessor-version":[{"id":8855,"href":"https:\/\/www.ecole-sacre-coeur-lorient.com\/index.php\/wp-json\/wp\/v2\/posts\/8851\/revisions\/8855"}],"wp:featuredmedia":[{"embeddable":true,"href":"https:\/\/www.ecole-sacre-coeur-lorient.com\/index.php\/wp-json\/wp\/v2\/media\/8852"}],"wp:attachment":[{"href":"https:\/\/www.ecole-sacre-coeur-lorient.com\/index.php\/wp-json\/wp\/v2\/media?parent=8851"}],"wp:term":[{"taxonomy":"category","embeddable":true,"href":"https:\/\/www.ecole-sacre-coeur-lorient.com\/index.php\/wp-json\/wp\/v2\/categories?post=8851"},{"taxonomy":"post_tag","embeddable":true,"href":"https:\/\/www.ecole-sacre-coeur-lorient.com\/index.php\/wp-json\/wp\/v2\/tags?post=8851"}],"curies":[{"name":"wp","href":"https:\/\/api.w.org\/{rel}","templated":true}]}}